{"id":85,"date":"2024-12-05T10:05:23","date_gmt":"2024-12-05T15:05:23","guid":{"rendered":"https:\/\/agroindustria.utp.edu.co\/tecnologia-en-produccion-agricola-integrada\/?p=85"},"modified":"2025-06-16T11:17:34","modified_gmt":"2025-06-16T16:17:34","slug":"direccion-del-programa","status":"publish","type":"post","link":"https:\/\/agroindustria.utp.edu.co\/tecnologia-en-produccion-agricola-integrada\/direccion-del-programa\/sin-categoria\/","title":{"rendered":"Direcci\u00f3n del Programa"},"content":{"rendered":"\n<div style=\"height:35px\" aria-hidden=\"true\" class=\"wp-block-spacer\"><\/div>\n\n\n\n<div class=\"wp-block-columns are-vertically-aligned-center is-layout-flex wp-container-core-columns-is-layout-9d6595d7 wp-block-columns-is-layout-flex\">\n<div class=\"wp-block-column is-vertically-aligned-center is-layout-flow wp-block-column-is-layout-flow\" style=\"flex-basis:30%\"><div class=\"wp-block-image is-style-rounded\">\n<figure class=\"aligncenter size-full is-resized\"><img loading=\"lazy\" decoding=\"async\" width=\"451\" height=\"609\" src=\"https:\/\/media2.utp.edu.co\/programas\/129\/Ana-Maria.jpeg\" alt=\"\" class=\"wp-image-102\" style=\"width:232px;height:auto\" \/><\/figure>\n<\/div><\/div>\n\n\n\n<div class=\"wp-block-column is-vertically-aligned-center is-layout-flow wp-block-column-is-layout-flow\" style=\"flex-basis:70%\">\n<h4 class=\"wp-block-heading\"><strong>Ana Mar\u00eda L\u00f3pez Guti\u00e9rrez<\/strong><\/h4>\n\n\n\n<p><span class=\"post-content__span\"> <strong>Directora del programa<\/strong><\/p>\n\n\n\n<p><span class=\"post-content__span\"> <strong><a href=\"mailto:miguel.ruiz@utp.edu.co\">alopez@utp.edu.co<\/a><\/strong><\/p>\n<\/div>\n<\/div>\n\n\n\n<div class=\"wp-block-columns are-vertically-aligned-center is-layout-flex wp-container-core-columns-is-layout-9d6595d7 wp-block-columns-is-layout-flex\">\n<div class=\"wp-block-column is-vertically-aligned-center is-layout-flow wp-block-column-is-layout-flow\" style=\"flex-basis:30%\"><div class=\"wp-block-image is-style-rounded\">\n<figure class=\"aligncenter size-full is-resized\"><img loading=\"lazy\" decoding=\"async\" width=\"2316\" height=\"3088\" src=\"https:\/\/media2.utp.edu.co\/programas\/129\/WhatsApp-Image-2025-05-09-at-11.38.39-AM.jpeg\" alt=\"\" class=\"wp-image-103\" style=\"width:232px;height:auto\" \/><\/figure>\n<\/div><\/div>\n\n\n\n<div class=\"wp-block-column is-vertically-aligned-center is-layout-flow wp-block-column-is-layout-flow\" style=\"flex-basis:70%\">\n<h4 class=\"wp-block-heading\"><strong>Juan Esteban Quina<\/strong><\/h4>\n\n\n\n<p><span class=\"post-content__span\"> <strong>Administrativo<\/strong><\/p>\n\n\n\n<p><span class=\"post-content__span\"> <strong><a href=\"mailto:miguel.ruiz@utp.edu.co\">taintegrada@utp.edu.co<\/a><\/strong><\/p>\n<\/div>\n<\/div>\n","protected":false},"excerpt":{"rendered":"<p>Ana Mar\u00eda L\u00f3pez Guti\u00e9rrez Directora del programa alopez@utp.edu.co Juan Esteban Quina Administrativo taintegrada@utp.edu.co<\/p>\n","protected":false},"author":1,"featured_media":0,"comment_status":"open","ping_status":"open","sticky":false,"template":"","format":"standard","meta":{"footnotes":""},"categories":[1],"tags":[6],"class_list":["post-85","post","type-post","status-publish","format-standard","hentry","category-sin-categoria","tag-direccion-del-programa"],"_links":{"self":[{"href":"https:\/\/agroindustria.utp.edu.co\/tecnologia-en-produccion-agricola-integrada\/wp-json\/wp\/v2\/posts\/85","targetHints":{"allow":["GET"]}}],"collection":[{"href":"https:\/\/agroindustria.utp.edu.co\/tecnologia-en-produccion-agricola-integrada\/wp-json\/wp\/v2\/posts"}],"about":[{"href":"https:\/\/agroindustria.utp.edu.co\/tecnologia-en-produccion-agricola-integrada\/wp-json\/wp\/v2\/types\/post"}],"author":[{"embeddable":true,"href":"https:\/\/agroindustria.utp.edu.co\/tecnologia-en-produccion-agricola-integrada\/wp-json\/wp\/v2\/users\/1"}],"replies":[{"embeddable":true,"href":"https:\/\/agroindustria.utp.edu.co\/tecnologia-en-produccion-agricola-integrada\/wp-json\/wp\/v2\/comments?post=85"}],"version-history":[{"count":5,"href":"https:\/\/agroindustria.utp.edu.co\/tecnologia-en-produccion-agricola-integrada\/wp-json\/wp\/v2\/posts\/85\/revisions"}],"predecessor-version":[{"id":114,"href":"https:\/\/agroindustria.utp.edu.co\/tecnologia-en-produccion-agricola-integrada\/wp-json\/wp\/v2\/posts\/85\/revisions\/114"}],"wp:attachment":[{"href":"https:\/\/agroindustria.utp.edu.co\/tecnologia-en-produccion-agricola-integrada\/wp-json\/wp\/v2\/media?parent=85"}],"wp:term":[{"taxonomy":"category","embeddable":true,"href":"https:\/\/agroindustria.utp.edu.co\/tecnologia-en-produccion-agricola-integrada\/wp-json\/wp\/v2\/categories?post=85"},{"taxonomy":"post_tag","embeddable":true,"href":"https:\/\/agroindustria.utp.edu.co\/tecnologia-en-produccion-agricola-integrada\/wp-json\/wp\/v2\/tags?post=85"}],"curies":[{"name":"wp","href":"https:\/\/api.w.org\/{rel}","templated":true}]}}