{"id":73,"date":"2022-09-20T09:56:33","date_gmt":"2022-09-20T14:56:33","guid":{"rendered":"https:\/\/agroindustria.utp.edu.co\/maestria-agronegocios-del-cafe\/?p=73"},"modified":"2022-09-27T11:21:13","modified_gmt":"2022-09-27T16:21:13","slug":"vision","status":"publish","type":"post","link":"https:\/\/agroindustria.utp.edu.co\/maestria-agronegocios-del-cafe\/sin-categoria\/vision\/","title":{"rendered":"Visi\u00f3n"},"content":{"rendered":"<div class=\"wp-block-image\">\n<figure class=\"aligncenter size-large is-resized\"><img decoding=\"async\" src=\"https:\/\/media2.utp.edu.co\/programas\/11\/vision.png\" alt=\"\" width=\"300\"\/><\/figure>\n<\/div>\n\n\n<div class=\"wp-block-columns is-layout-flex wp-container-core-columns-is-layout-9d6595d7 wp-block-columns-is-layout-flex\">\n<div class=\"wp-block-column is-layout-flow wp-block-column-is-layout-flow\">\n<p><span class=\"post-content__span\"> La Maestr\u00eda en Agronegocios del Caf\u00e9 ser\u00e1 en el 2027 un referente global en la formaci\u00f3n postgradual de gestores de la cadena de valor del caf\u00e9 y un interlocutor<\/p>\n\n\n\n<p><span class=\"post-content__span\"> estrat\u00e9gico con el sector productivo y el gobierno para la soluci\u00f3n de problemas y dise\u00f1o de pol\u00edticas de desarrollo desde el fortalecimiento de los agronegocios.<\/p>\n<\/div>\n<\/div>\n","protected":false},"excerpt":{"rendered":"<p>La Maestr\u00eda en Agronegocios del Caf\u00e9 ser\u00e1 en el 2027 un referente global en la formaci\u00f3n postgradual de gestores de [&hellip;]<\/p>\n","protected":false},"author":1,"featured_media":0,"comment_status":"open","ping_status":"open","sticky":false,"template":"","format":"standard","meta":{"footnotes":""},"categories":[1],"tags":[],"class_list":["post-73","post","type-post","status-publish","format-standard","hentry","category-sin-categoria"],"_links":{"self":[{"href":"https:\/\/agroindustria.utp.edu.co\/maestria-agronegocios-del-cafe\/wp-json\/wp\/v2\/posts\/73","targetHints":{"allow":["GET"]}}],"collection":[{"href":"https:\/\/agroindustria.utp.edu.co\/maestria-agronegocios-del-cafe\/wp-json\/wp\/v2\/posts"}],"about":[{"href":"https:\/\/agroindustria.utp.edu.co\/maestria-agronegocios-del-cafe\/wp-json\/wp\/v2\/types\/post"}],"author":[{"embeddable":true,"href":"https:\/\/agroindustria.utp.edu.co\/maestria-agronegocios-del-cafe\/wp-json\/wp\/v2\/users\/1"}],"replies":[{"embeddable":true,"href":"https:\/\/agroindustria.utp.edu.co\/maestria-agronegocios-del-cafe\/wp-json\/wp\/v2\/comments?post=73"}],"version-history":[{"count":3,"href":"https:\/\/agroindustria.utp.edu.co\/maestria-agronegocios-del-cafe\/wp-json\/wp\/v2\/posts\/73\/revisions"}],"predecessor-version":[{"id":185,"href":"https:\/\/agroindustria.utp.edu.co\/maestria-agronegocios-del-cafe\/wp-json\/wp\/v2\/posts\/73\/revisions\/185"}],"wp:attachment":[{"href":"https:\/\/agroindustria.utp.edu.co\/maestria-agronegocios-del-cafe\/wp-json\/wp\/v2\/media?parent=73"}],"wp:term":[{"taxonomy":"category","embeddable":true,"href":"https:\/\/agroindustria.utp.edu.co\/maestria-agronegocios-del-cafe\/wp-json\/wp\/v2\/categories?post=73"},{"taxonomy":"post_tag","embeddable":true,"href":"https:\/\/agroindustria.utp.edu.co\/maestria-agronegocios-del-cafe\/wp-json\/wp\/v2\/tags?post=73"}],"curies":[{"name":"wp","href":"https:\/\/api.w.org\/{rel}","templated":true}]}}