{"id":30,"date":"2019-02-26T08:44:40","date_gmt":"2019-02-26T13:44:40","guid":{"rendered":""},"modified":"2025-09-11T16:01:22","modified_gmt":"2025-09-11T21:01:22","slug":"asistente","status":"publish","type":"post","link":"https:\/\/agroindustria.utp.edu.co\/ingenieria-procesos-sostenibles-de-las-maderas\/sin-categoria\/asistente\/","title":{"rendered":"Asistente"},"content":{"rendered":"\n<p><strong>Vanessa Santa Calvo<\/strong><\/p>\n\n\n<div class=\"wp-block-image\">\n<figure class=\"aligncenter size-full is-resized\"><img loading=\"lazy\" decoding=\"async\" width=\"451\" height=\"600\" src=\"https:\/\/media2.utp.edu.co\/programas\/95\/VANESSA-SANTA.png\" alt=\"\" class=\"wp-image-10243\" style=\"width:300px\" \/><figcaption class=\"wp-element-caption\"><strong>ADMINISTRADORA INDUSTRIAL EGRESADA UTP<\/strong><\/figcaption><\/figure>\n<\/div>\n\n\n<p><strong>Mayores informes del programa<\/strong><\/p>\n\n\n\n<p>Facultad de Ciencias Agrarias y Agroindustrial UTP \u2013 Edificio 18 A Oficina 210<\/p>\n\n\n\n<p><strong>(Direcci\u00f3n UTP):<\/strong>&nbsp;Cra. 27 N\u00ba 10 &#8211; 02 &#8211; Los \u00c1lamos &#8211; Pereira &#8211; Risaralda -Colombia<\/p>\n\n\n\n<p><strong>Correo electr\u00f3nico del programa:<\/strong>&nbsp;ingenieroenmaderas@utp.edu.co<\/p>\n\n\n\n<p><strong>P\u00e1gina web del programa:<\/strong><\/p>\n\n\n\n<p><a href=\"https:\/\/agroindustria.utp.edu.co\/ingenieria-procesos-sostenibles-de-las-maderas\">https:\/\/agroindustria.utp.edu.co\/ingenieria-procesos-sostenibles-de-las-maderas<\/a><\/p>\n\n\n\n<p><strong>Contactos: N\u00ba Tel:<\/strong>&nbsp;3137300 &#8211; Ext. 7457<\/p>\n\n\n\n<p><strong>Inscripciones<\/strong><\/p>\n\n\n\n<p>Admisiones, Registro y Control Acad\u00e9mico &#8211; Edificio N\u00ba 3 &#8211; UTP<\/p>\n\n\n\n<p><strong>Email<\/strong>: inscripcion@utp.edu.co<\/p>\n\n\n\n<p><strong>Tel<\/strong>: (57) (6) 313 71 39 &#8211;&nbsp;<strong>Conmutador<\/strong>: (57) (6) 313 73 00 Exts: 7176 &#8211; 7177 &#8211; 7178 &#8211; 7179 &#8211; 7182 &#8211; 7183<\/p>\n\n\n\n<p><strong>Reacreditaci\u00f3n:&nbsp;<\/strong>Universidad Tecnol\u00f3gica de Pereira: Reacredita como Instituci\u00f3n de Alta Calidad por el Ministerio de Educaci\u00f3n Nacional \u2013 2013\/2021<\/p>\n\n\n\n<p><strong>Certificaci\u00f3n:<\/strong>&nbsp;Universidad Tecnol\u00f3gica de Pereira + Certificada en: Gesti\u00f3n de Calidad ISO 9001:2008<\/p>\n\n\n\n<p>Escudo + VIGILADA MINEDUCACI\u00d3N<\/p>\n\n\n\n<p><strong>Redes Sociales UTP<\/strong>: S\u00edguenos en UTPereira + iconos (twitter + youtube + Facebook)<\/p>\n\n\n\n<p><strong>Informaci\u00f3n FASUT:&nbsp;<\/strong>\u00bfNecesitas financiaci\u00f3n para el pago de tu matr\u00edcula? Visita: www.utp.edu.co\/fasut Email: fasututp@utp.edu.co &#8211; icetex@utp.edu.co&nbsp;<strong>Tels<\/strong>: (57) (6) 321 00 29 &#8211; 313 74 05<\/p>\n\n\n\n<p>\u00a1Inscr\u00edbete!<\/p>\n\n\n\n<p><strong>Dise\u00f1o:<\/strong>&nbsp;Recursos Inform\u00e1ticos y Educativos CRIE \u2013 UTP Tels: 313 714<\/p>\n","protected":false},"excerpt":{"rendered":"<p>Vanessa Santa Calvo Mayores informes del programa Facultad de Ciencias Agrarias y Agroindustrial UTP \u2013 Edificio 18 A Oficina 210 (Direcci\u00f3n UTP):&nbsp;Cra. 27 N\u00ba 10 &#8211; 02 &#8211; Los \u00c1lamos &#8211; Pereira &#8211; Risaralda -Colombia [&#8230;]<\/p>\n","protected":false},"author":0,"featured_media":0,"comment_status":"closed","ping_status":"closed","sticky":false,"template":"","format":"standard","meta":{"footnotes":""},"categories":[1],"tags":[],"class_list":["post-30","post","type-post","status-publish","format-standard","hentry","category-sin-categoria"],"_links":{"self":[{"href":"https:\/\/agroindustria.utp.edu.co\/ingenieria-procesos-sostenibles-de-las-maderas\/wp-json\/wp\/v2\/posts\/30","targetHints":{"allow":["GET"]}}],"collection":[{"href":"https:\/\/agroindustria.utp.edu.co\/ingenieria-procesos-sostenibles-de-las-maderas\/wp-json\/wp\/v2\/posts"}],"about":[{"href":"https:\/\/agroindustria.utp.edu.co\/ingenieria-procesos-sostenibles-de-las-maderas\/wp-json\/wp\/v2\/types\/post"}],"replies":[{"embeddable":true,"href":"https:\/\/agroindustria.utp.edu.co\/ingenieria-procesos-sostenibles-de-las-maderas\/wp-json\/wp\/v2\/comments?post=30"}],"version-history":[{"count":9,"href":"https:\/\/agroindustria.utp.edu.co\/ingenieria-procesos-sostenibles-de-las-maderas\/wp-json\/wp\/v2\/posts\/30\/revisions"}],"predecessor-version":[{"id":10260,"href":"https:\/\/agroindustria.utp.edu.co\/ingenieria-procesos-sostenibles-de-las-maderas\/wp-json\/wp\/v2\/posts\/30\/revisions\/10260"}],"wp:attachment":[{"href":"https:\/\/agroindustria.utp.edu.co\/ingenieria-procesos-sostenibles-de-las-maderas\/wp-json\/wp\/v2\/media?parent=30"}],"wp:term":[{"taxonomy":"category","embeddable":true,"href":"https:\/\/agroindustria.utp.edu.co\/ingenieria-procesos-sostenibles-de-las-maderas\/wp-json\/wp\/v2\/categories?post=30"},{"taxonomy":"post_tag","embeddable":true,"href":"https:\/\/agroindustria.utp.edu.co\/ingenieria-procesos-sostenibles-de-las-maderas\/wp-json\/wp\/v2\/tags?post=30"}],"curies":[{"name":"wp","href":"https:\/\/api.w.org\/{rel}","templated":true}]}}